{"id":557,"date":"2014-05-03T09:49:28","date_gmt":"2014-05-03T09:49:28","guid":{"rendered":"http:\/\/demo.oxygentheme.com\/minimal\/demo-content\/?p=557"},"modified":"2021-07-27T07:34:58","modified_gmt":"2021-07-27T07:34:58","slug":"splintered-crying","status":"publish","type":"post","link":"https:\/\/hipertin.dfirma.pl\/index.php\/2014\/05\/03\/splintered-crying\/","title":{"rendered":"Kolor! Jak dba\u0107 o w\u0142osy farbowane?"},"content":{"rendered":"<p align=\"justify\"><b>W\u0142osy rozja\u015bniane<\/b> i farbowane potrzebuj\u0105 szczeg\u00f3lnego traktowania. Rodzi si\u0119 wi\u0119c pytanie \u2013 jak <b>nawil\u017cy\u0107 w\u0142osy rozja\u015bniane<\/b> oraz jak powinna wygl\u0105da\u0107 <b>piel\u0119gnacja w\u0142os\u00f3w farbowanych<\/b>? Nie ma jednoznacznej odpowiedzi, a ka\u017cdy rodzaj w\u0142osa potrzebuje czego\u015b innego. Jednak je\u015bli chcemy posiada\u0107 zdrowe, l\u015bni\u0105ce i nie trac\u0105ce na intensywno\u015bci koloru w\u0142osy, niezb\u0119dne b\u0119d\u0105 szampon oraz od\u017cywka na bazie <b>naturalnych sk\u0142adnik\u00f3w <\/b>od<b> <\/b>marki Hipertin.<\/p>\n<p align=\"justify\"><b>Szampon Color Care<\/b> <b>do w\u0142os\u00f3w farbowanych i rozja\u015bnianych <\/b>to idealna propozycja do w\u0142os\u00f3w po koloryzacji. Formu\u0142a szamponu Hipertin Color Care oparta jest na <b>naturalnych sk\u0142adnikach,<\/b> kt\u00f3re zabezpieczaj\u0105 kolor przed sp\u0142ukiwaniem, piel\u0119gnuj\u0105 w\u0142osy i odpowiadaj\u0105 na wszystkie potrzeby sk\u00f3ry g\u0142owy. W szamponie zawarty jest ekstrakt z brzoskwini o pi\u0119knym zapachu, regeneruj\u0105cy zniszczone i suche pasma w\u0142os\u00f3w.<\/p>\n<p align=\"justify\"><b>W\u0142osy farbowanie \u2013 piel\u0119gnacja<\/b><\/p>\n<p align=\"justify\">Poza \u015brodkiem myj\u0105cym, istotnym etapem dbania o <b>w\u0142osy rozja\u015bniane i farbowane<\/b> jest r\u00f3wnie\u017c ich odpowiednie wzmacnianie. W ofercie Hipertin dost\u0119pna jest od\u017cywka Hydro Color z tej samej serii kosmetyk\u00f3w, co<b> szampon do w\u0142os\u00f3w rozja\u015bnianych i farbowanych<\/b>, kt\u00f3ra doskonale nawil\u017cy suche w\u0142osy. Receptura od\u017cywki \u0142\u0105czy ze sob\u0105 olejek arganowy, witamin\u0119 E oraz filtry UVA\/UVB, chroni\u0105ce przed szkodliwym dzia\u0142aniem s\u0142o\u0144ca. Od\u017cywka Hydro Color przyniesie w\u0142osom blask i elastyczno\u015b\u0107.<\/p>\n<p align=\"justify\">Odpowiednie preparaty <b>do w\u0142os\u00f3w farbowanych<\/b> to podstawa. Opr\u00f3cz tego nale\u017cy pami\u0119ta\u0107 o cz\u0119stym <b>nawil\u017caniu w\u0142os\u00f3w farbowanych<\/b>, co zapewni\u0105 kosmetyki marki Hipertin. O ile nie jest to konieczne, dobrze jest zrezygnowa\u0107 z cz\u0119stego suszenia, prostowania czy lokowania w\u0142os\u00f3w. Warto pami\u0119ta\u0107 o sp\u0142ukiwaniu <b>szamponu i od\u017cywki do w\u0142os\u00f3w farbowanych<\/b> Hipertin letni\u0105 wod\u0105. Stosowanie si\u0119 do tych zalece\u0144 oraz u\u017cywanie kosmetyk\u00f3w Hipertin pozwoli na d\u0142ugo pozostawi\u0107 kolor r\u00f3wnie intensywny, co tu\u017c po farbowaniu.<\/p>\n<p align=\"justify\"><b>Szampon i od\u017cywka do w\u0142os\u00f3w farbowanych<\/b><\/p>\n<p align=\"justify\">Hipertin to hiszpa\u0144ska marka ekologicznych i naturalnych preparat\u00f3w do w\u0142os\u00f3w, a nasza firma jest jej wy\u0142\u0105cznym dystrybutorem w Polsce. W asortymencie posiadamy szeroki wachlarz kosmetyk\u00f3w marki Hipertin, w tym tak\u017ce <b>szampon\u00f3w i od\u017cywek do w\u0142os\u00f3w rozja\u015bnianych i farbowanych<\/b>, dlatego ka\u017cdy znajdzie odpowiadaj\u0105cy swoim potrzebom produkt. Zach\u0119camy do zapoznania si\u0119 z ofert\u0105 oraz kontaktem z naszymi konsultantami, kt\u00f3rzy s\u0142u\u017c\u0105 pomoc\u0105 w razie pojawienia si\u0119 pyta\u0144.<\/p>\n","protected":false},"excerpt":{"rendered":"<p>W\u0142osy rozja\u015bniane i farbowane potrzebuj\u0105 szczeg\u00f3lnego traktowania. Rodzi si\u0119 wi\u0119c pytanie \u2013 jak nawil\u017cy\u0107 w\u0142osy rozja\u015bniane oraz jak powinna wygl\u0105da\u0107 piel\u0119gnacja w\u0142os\u00f3w farbowanych?<\/p>\n","protected":false},"author":1,"featured_media":3036,"comment_status":"open","ping_status":"open","sticky":false,"template":"","format":"standard","meta":{"footnotes":""},"categories":[1],"tags":[25,29,38],"class_list":["post-557","post","type-post","status-publish","format-standard","has-post-thumbnail","hentry","category-uncategorized","tag-fashion","tag-ootd","tag-summer"],"yoast_head":"<!-- This site is optimized with the Yoast SEO plugin v19.10 - https:\/\/yoast.com\/wordpress\/plugins\/seo\/ -->\n<title>Kolor! Jak dba\u0107 o w\u0142osy farbowane? - HIPERTIN - Profesjonalne produkty Fryzjerskie<\/title>\n<meta name=\"robots\" content=\"index, follow, max-snippet:-1, max-image-preview:large, max-video-preview:-1\" \/>\n<link rel=\"canonical\" href=\"https:\/\/hipertin.dfirma.pl\/index.php\/2014\/05\/03\/splintered-crying\/\" \/>\n<meta property=\"og:locale\" content=\"pl_PL\" \/>\n<meta property=\"og:type\" content=\"article\" \/>\n<meta property=\"og:title\" content=\"Kolor! Jak dba\u0107 o w\u0142osy farbowane? - HIPERTIN - Profesjonalne produkty Fryzjerskie\" \/>\n<meta property=\"og:description\" content=\"W\u0142osy rozja\u015bniane i farbowane potrzebuj\u0105 szczeg\u00f3lnego traktowania. Rodzi si\u0119 wi\u0119c pytanie \u2013 jak nawil\u017cy\u0107 w\u0142osy rozja\u015bniane oraz jak powinna wygl\u0105da\u0107 piel\u0119gnacja w\u0142os\u00f3w farbowanych?\" \/>\n<meta property=\"og:url\" content=\"https:\/\/hipertin.dfirma.pl\/index.php\/2014\/05\/03\/splintered-crying\/\" \/>\n<meta property=\"og:site_name\" content=\"HIPERTIN - Profesjonalne produkty Fryzjerskie\" \/>\n<meta property=\"article:published_time\" content=\"2014-05-03T09:49:28+00:00\" \/>\n<meta property=\"article:modified_time\" content=\"2021-07-27T07:34:58+00:00\" \/>\n<meta property=\"og:image\" content=\"https:\/\/hipertin.dfirma.pl\/wp-content\/uploads\/2014\/05\/romantic-woman-with-long-hair-cloud-dress-girl-dreaming-bright-makeup-perfect-body-redhead-girl-light-airy-colored-dress-lies-floor-white-background-beautiful-flowers-girl-hair.jpg\" \/>\n\t<meta property=\"og:image:width\" content=\"2000\" \/>\n\t<meta property=\"og:image:height\" content=\"1333\" \/>\n\t<meta property=\"og:image:type\" content=\"image\/jpeg\" \/>\n<meta name=\"author\" content=\"admin\" \/>\n<meta name=\"twitter:card\" content=\"summary_large_image\" \/>\n<meta name=\"twitter:label1\" content=\"Napisane przez\" \/>\n\t<meta name=\"twitter:data1\" content=\"admin\" \/>\n\t<meta name=\"twitter:label2\" content=\"Szacowany czas czytania\" \/>\n\t<meta name=\"twitter:data2\" content=\"2 minuty\" \/>\n<script type=\"application\/ld+json\" class=\"yoast-schema-graph\">{\"@context\":\"https:\/\/schema.org\",\"@graph\":[{\"@type\":\"WebPage\",\"@id\":\"https:\/\/hipertin.dfirma.pl\/index.php\/2014\/05\/03\/splintered-crying\/\",\"url\":\"https:\/\/hipertin.dfirma.pl\/index.php\/2014\/05\/03\/splintered-crying\/\",\"name\":\"Kolor! Jak dba\u0107 o w\u0142osy farbowane? - HIPERTIN - Profesjonalne produkty Fryzjerskie\",\"isPartOf\":{\"@id\":\"https:\/\/hipertin.dfirma.pl\/#website\"},\"datePublished\":\"2014-05-03T09:49:28+00:00\",\"dateModified\":\"2021-07-27T07:34:58+00:00\",\"author\":{\"@id\":\"https:\/\/hipertin.dfirma.pl\/#\/schema\/person\/6579ac04190db840cf4261179aae49d5\"},\"breadcrumb\":{\"@id\":\"https:\/\/hipertin.dfirma.pl\/index.php\/2014\/05\/03\/splintered-crying\/#breadcrumb\"},\"inLanguage\":\"pl-PL\",\"potentialAction\":[{\"@type\":\"ReadAction\",\"target\":[\"https:\/\/hipertin.dfirma.pl\/index.php\/2014\/05\/03\/splintered-crying\/\"]}]},{\"@type\":\"BreadcrumbList\",\"@id\":\"https:\/\/hipertin.dfirma.pl\/index.php\/2014\/05\/03\/splintered-crying\/#breadcrumb\",\"itemListElement\":[{\"@type\":\"ListItem\",\"position\":1,\"name\":\"Strona g\u0142\u00f3wna\",\"item\":\"https:\/\/hipertin.dfirma.pl\/\"},{\"@type\":\"ListItem\",\"position\":2,\"name\":\"Kolor! Jak dba\u0107 o w\u0142osy farbowane?\"}]},{\"@type\":\"WebSite\",\"@id\":\"https:\/\/hipertin.dfirma.pl\/#website\",\"url\":\"https:\/\/hipertin.dfirma.pl\/\",\"name\":\"HIPERTIN - Profesjonalne produkty Fryzjerskie\",\"description\":\"\",\"potentialAction\":[{\"@type\":\"SearchAction\",\"target\":{\"@type\":\"EntryPoint\",\"urlTemplate\":\"https:\/\/hipertin.dfirma.pl\/?s={search_term_string}\"},\"query-input\":\"required name=search_term_string\"}],\"inLanguage\":\"pl-PL\"},{\"@type\":\"Person\",\"@id\":\"https:\/\/hipertin.dfirma.pl\/#\/schema\/person\/6579ac04190db840cf4261179aae49d5\",\"name\":\"admin\",\"image\":{\"@type\":\"ImageObject\",\"inLanguage\":\"pl-PL\",\"@id\":\"https:\/\/hipertin.dfirma.pl\/#\/schema\/person\/image\/\",\"url\":\"https:\/\/secure.gravatar.com\/avatar\/ce0342982fd20cf6d73a24c40882c82f4cc7e8f9ef41545ac94dab2b867e2482?s=96&d=mm&r=g\",\"contentUrl\":\"https:\/\/secure.gravatar.com\/avatar\/ce0342982fd20cf6d73a24c40882c82f4cc7e8f9ef41545ac94dab2b867e2482?s=96&d=mm&r=g\",\"caption\":\"admin\"},\"sameAs\":[\"https:\/\/server656728.nazwa.pl\/hipertin\"],\"url\":\"https:\/\/hipertin.dfirma.pl\/index.php\/author\/admin\/\"}]}<\/script>\n<!-- \/ Yoast SEO plugin. -->","yoast_head_json":{"title":"Kolor! Jak dba\u0107 o w\u0142osy farbowane? - HIPERTIN - Profesjonalne produkty Fryzjerskie","robots":{"index":"index","follow":"follow","max-snippet":"max-snippet:-1","max-image-preview":"max-image-preview:large","max-video-preview":"max-video-preview:-1"},"canonical":"https:\/\/hipertin.dfirma.pl\/index.php\/2014\/05\/03\/splintered-crying\/","og_locale":"pl_PL","og_type":"article","og_title":"Kolor! Jak dba\u0107 o w\u0142osy farbowane? - HIPERTIN - Profesjonalne produkty Fryzjerskie","og_description":"W\u0142osy rozja\u015bniane i farbowane potrzebuj\u0105 szczeg\u00f3lnego traktowania. Rodzi si\u0119 wi\u0119c pytanie \u2013 jak nawil\u017cy\u0107 w\u0142osy rozja\u015bniane oraz jak powinna wygl\u0105da\u0107 piel\u0119gnacja w\u0142os\u00f3w farbowanych?","og_url":"https:\/\/hipertin.dfirma.pl\/index.php\/2014\/05\/03\/splintered-crying\/","og_site_name":"HIPERTIN - Profesjonalne produkty Fryzjerskie","article_published_time":"2014-05-03T09:49:28+00:00","article_modified_time":"2021-07-27T07:34:58+00:00","og_image":[{"width":2000,"height":1333,"url":"https:\/\/hipertin.dfirma.pl\/wp-content\/uploads\/2014\/05\/romantic-woman-with-long-hair-cloud-dress-girl-dreaming-bright-makeup-perfect-body-redhead-girl-light-airy-colored-dress-lies-floor-white-background-beautiful-flowers-girl-hair.jpg","type":"image\/jpeg"}],"author":"admin","twitter_card":"summary_large_image","twitter_misc":{"Napisane przez":"admin","Szacowany czas czytania":"2 minuty"},"schema":{"@context":"https:\/\/schema.org","@graph":[{"@type":"WebPage","@id":"https:\/\/hipertin.dfirma.pl\/index.php\/2014\/05\/03\/splintered-crying\/","url":"https:\/\/hipertin.dfirma.pl\/index.php\/2014\/05\/03\/splintered-crying\/","name":"Kolor! Jak dba\u0107 o w\u0142osy farbowane? - HIPERTIN - Profesjonalne produkty Fryzjerskie","isPartOf":{"@id":"https:\/\/hipertin.dfirma.pl\/#website"},"datePublished":"2014-05-03T09:49:28+00:00","dateModified":"2021-07-27T07:34:58+00:00","author":{"@id":"https:\/\/hipertin.dfirma.pl\/#\/schema\/person\/6579ac04190db840cf4261179aae49d5"},"breadcrumb":{"@id":"https:\/\/hipertin.dfirma.pl\/index.php\/2014\/05\/03\/splintered-crying\/#breadcrumb"},"inLanguage":"pl-PL","potentialAction":[{"@type":"ReadAction","target":["https:\/\/hipertin.dfirma.pl\/index.php\/2014\/05\/03\/splintered-crying\/"]}]},{"@type":"BreadcrumbList","@id":"https:\/\/hipertin.dfirma.pl\/index.php\/2014\/05\/03\/splintered-crying\/#breadcrumb","itemListElement":[{"@type":"ListItem","position":1,"name":"Strona g\u0142\u00f3wna","item":"https:\/\/hipertin.dfirma.pl\/"},{"@type":"ListItem","position":2,"name":"Kolor! Jak dba\u0107 o w\u0142osy farbowane?"}]},{"@type":"WebSite","@id":"https:\/\/hipertin.dfirma.pl\/#website","url":"https:\/\/hipertin.dfirma.pl\/","name":"HIPERTIN - Profesjonalne produkty Fryzjerskie","description":"","potentialAction":[{"@type":"SearchAction","target":{"@type":"EntryPoint","urlTemplate":"https:\/\/hipertin.dfirma.pl\/?s={search_term_string}"},"query-input":"required name=search_term_string"}],"inLanguage":"pl-PL"},{"@type":"Person","@id":"https:\/\/hipertin.dfirma.pl\/#\/schema\/person\/6579ac04190db840cf4261179aae49d5","name":"admin","image":{"@type":"ImageObject","inLanguage":"pl-PL","@id":"https:\/\/hipertin.dfirma.pl\/#\/schema\/person\/image\/","url":"https:\/\/secure.gravatar.com\/avatar\/ce0342982fd20cf6d73a24c40882c82f4cc7e8f9ef41545ac94dab2b867e2482?s=96&d=mm&r=g","contentUrl":"https:\/\/secure.gravatar.com\/avatar\/ce0342982fd20cf6d73a24c40882c82f4cc7e8f9ef41545ac94dab2b867e2482?s=96&d=mm&r=g","caption":"admin"},"sameAs":["https:\/\/server656728.nazwa.pl\/hipertin"],"url":"https:\/\/hipertin.dfirma.pl\/index.php\/author\/admin\/"}]}},"_links":{"self":[{"href":"https:\/\/hipertin.dfirma.pl\/index.php\/wp-json\/wp\/v2\/posts\/557","targetHints":{"allow":["GET"]}}],"collection":[{"href":"https:\/\/hipertin.dfirma.pl\/index.php\/wp-json\/wp\/v2\/posts"}],"about":[{"href":"https:\/\/hipertin.dfirma.pl\/index.php\/wp-json\/wp\/v2\/types\/post"}],"author":[{"embeddable":true,"href":"https:\/\/hipertin.dfirma.pl\/index.php\/wp-json\/wp\/v2\/users\/1"}],"replies":[{"embeddable":true,"href":"https:\/\/hipertin.dfirma.pl\/index.php\/wp-json\/wp\/v2\/comments?post=557"}],"version-history":[{"count":4,"href":"https:\/\/hipertin.dfirma.pl\/index.php\/wp-json\/wp\/v2\/posts\/557\/revisions"}],"predecessor-version":[{"id":3040,"href":"https:\/\/hipertin.dfirma.pl\/index.php\/wp-json\/wp\/v2\/posts\/557\/revisions\/3040"}],"wp:featuredmedia":[{"embeddable":true,"href":"https:\/\/hipertin.dfirma.pl\/index.php\/wp-json\/wp\/v2\/media\/3036"}],"wp:attachment":[{"href":"https:\/\/hipertin.dfirma.pl\/index.php\/wp-json\/wp\/v2\/media?parent=557"}],"wp:term":[{"taxonomy":"category","embeddable":true,"href":"https:\/\/hipertin.dfirma.pl\/index.php\/wp-json\/wp\/v2\/categories?post=557"},{"taxonomy":"post_tag","embeddable":true,"href":"https:\/\/hipertin.dfirma.pl\/index.php\/wp-json\/wp\/v2\/tags?post=557"}],"curies":[{"name":"wp","href":"https:\/\/api.w.org\/{rel}","templated":true}]}}